{"id":11496,"date":"2017-05-17T14:00:03","date_gmt":"2017-05-17T17:00:03","guid":{"rendered":"https:\/\/king.host\/blog\/?p=11496"},"modified":"2024-06-03T17:44:46","modified_gmt":"2024-06-03T20:44:46","slug":"do-memex-de-vannevar-bush-ate-web-de-todos-nos","status":"publish","type":"post","link":"https:\/\/king.host\/blog\/tecnologia\/do-memex-de-vannevar-bush-ate-web-de-todos-nos\/","title":{"rendered":"Do Memex de Vannevar Bush at\u00e9 a Web de todos n\u00f3s"},"content":{"rendered":"<p>Hoje, dia 17 de maio, \u00e9 o dia Mundial da Sociedade da Informa\u00e7\u00e3o, ou seja, dia da sua, da minha, da nossa amada internet!<\/p>\n<p><em> Ah! O que falar dessa tal de internet que mal conhe\u00e7o e j\u00e1 considero pacas?! <\/em><\/p>\n<p>At\u00e9 2005, o Dia Mundial das Telecomunica\u00e7\u00f5es era comemorado no dia 17 de maio. Em 2006, a UNESCO mudou o nome da data para o Dia Mundial da Internet, reconhecendo a Rede Mundial de Computadores como uma das grandes ferramentas de comunica\u00e7\u00e3o da atualidade. Comemorar esse dia refor\u00e7a a conscientiza\u00e7\u00e3o dos benef\u00edcios proporcionados por ela, como o livre compartilhamento de ideias e informa\u00e7\u00f5es.<\/p>\n<h2>Como tudo come\u00e7ou<\/h2>\n<p>Voc\u00ea sabia que em 1945, durante o p\u00f3s-guerra, um cientista americano chamado Vannevar Bush pensou uma ferramenta muito similar a nossa Web? Pois \u00e9, o Memex (nome sugestivo, n\u00e3o?!) era uma m\u00e1quina vision\u00e1ria que tinha como fun\u00e7\u00e3o expandir as capacidades humanas de memorizar. Em seu artigo publicado pela The Atlantic Monthly, com o nome \u201c <i> As We May Think <\/i> \u201d (Como podemos pensar), Bush trazia de volta assuntos que j\u00e1 havia abordado em outros artigos, como a inten\u00e7\u00e3o de levar o conhecimento cient\u00edfico para \u201c <i> variar do aumento de habilidades f\u00edsicas para fazer todo o conhecimento humano previamente coletado mais acess\u00edvel. <\/i> \u201d<\/p>\n<p>O mais incr\u00edvel do projeto \u00e9 que visava uma ferramenta com recursos mec\u00e2nicos, organizando informa\u00e7\u00f5es para suprir as \u201cfalhas da mem\u00f3ria humana\u201d. Ele descrevia essa m\u00e1quina com muitos detalhes, dizendo que ela seria capaz de estocar muita informa\u00e7\u00e3o, informa\u00e7\u00e3o essa que seria de f\u00e1cil recupera\u00e7\u00e3o quando necess\u00e1rio. Essa descri\u00e7\u00e3o \u00e9 considerada o conceito inicial do hipertexto, ou o que chamamos na internet de hiperlink.<\/p>\n<p><img fetchpriority=\"high\" decoding=\"async\" class=\"size-full wp-image-11497 aligncenter\" src=\"https:\/\/king.host\/blog\/wp-content\/uploads\/2017\/05\/memex.png\" alt=\"Memex de Vannevar Bush\" width=\"581\" height=\"380\" title=\"\" srcset=\"https:\/\/cdn-cms.king.host\/blog-hlg\/uploads\/2017\/05\/memex.png 581w, https:\/\/cdn-cms.king.host\/blog-hlg\/uploads\/2017\/05\/memex-300x196.png 300w, https:\/\/cdn-cms.king.host\/blog-hlg\/uploads\/2017\/05\/memex-400x262.png 400w\" sizes=\"(max-width: 581px) 100vw, 581px\" \/><\/p>\n<p><i> O Memex era para ser um dispositivo de armazenamento e recupera\u00e7\u00e3o usando microfilme. Ele seria composto por uma mesa com telas de visualiza\u00e7\u00e3o, um teclado, bot\u00f5es e alavancas de sele\u00e7\u00e3o e armazenamento de microfilme. <\/i><\/p>\n<p>Ted Nelson, o respons\u00e1vel por criar o termo &#8220;hipertexto&#8221; reconhece em seu livro \u201cFrom Memex to Hypertext: Vannevar Bush and the Mind&#8217;s Machine&#8221; sua d\u00edvida com Bush. &#8220;Bush estava certo&#8221;, diz Nelson no livro. Infelizmente, Vannevar Bush morreu em 1974 e n\u00e3o teve nenhuma liga\u00e7\u00e3o direta com a cria\u00e7\u00e3o da World Wide Web. No entanto, com certeza ele foi um dos grandes vision\u00e1rios que imaginou o mundo que temos hoje, inclusive uma das frases que ele gostava de dizer era algo como: &#8220;Vai acontecer mais cedo do que pensamos&#8221;.<\/p>\n<p>De modo vision\u00e1rio, Vannevar Bush visualizou algo que, menos de 50 anos depois, se transformou na nossa amada, idolatrada, salve salve Internet ou Web! Opa, espera&#8230; A&nbsp;web e a internet n\u00e3o s\u00e3o a mesma coisa? N\u00e3o, de fato n\u00e3o s\u00e3o sin\u00f4nimos. A internet \u00e9 a rede f\u00edsica de computadores, \u00e9 gra\u00e7as \u00e0 ela que a web existe. Que fique bem claro, <strong>hoje \u00e9 o Dia da Internet<\/strong>. A&nbsp;web \u00e9 uma das possibilidades que a internet nos trouxe, a que mais nos afeta como usu\u00e1rios, por isso, focamos nela nesse post. ^^<\/p>\n<p>Voltando a &nbsp;ideia de Bush, n\u00e3o \u00e9 que aquela ideia, que naquele momento parecia t\u00e3o distante, se transformou em algo incr\u00edvel? Mas n\u00e3o \u00e9 apenas o Bush que inspirou a web como ela \u00e9 hoje, sabia?! N\u00f3s, usu\u00e1rios, tamb\u00e9m somos respons\u00e1veis pelo que ela se tornou e, inclusive, pelo que ela vai se tornar. Provavelmente voc\u00ea j\u00e1 ouviu falar das \u201cvers\u00f5es\u201d da web como a 1.0, 2.0 e a atual 3.0, n\u00e9?!<\/p>\n<h3>Os versionamentos da web<\/h3>\n<p>Um fato curioso \u00e9 que muito mais do que pela tecnologia, a web \u00e9 versionada por n\u00f3s, usu\u00e1rios da Rede Mundial de Computadores. S\u00e3o as formas como consumimos e interagimos com os conte\u00fados que t\u00eam determinado essa evolu\u00e7\u00e3o. Criada gra\u00e7as \u00e0 genialidade de um cara chamado Tim Berners-Lee, em sua <strong><a href=\"https:\/\/king.host\/blog\/2016\/01\/dia-da-saudade-e-a-web-anos-90\/\" target=\"_blank\" rel=\"noopener noreferrer\">primeira vers\u00e3o<\/a><\/strong>, que os estudiosos d\u00e3o o nome de 1.0, a web come\u00e7ou replicando os modelos de comunica\u00e7\u00e3o que j\u00e1 existiam, como a TV e o r\u00e1dio, onde os grandes ve\u00edculos podiam criar conte\u00fados est\u00e1ticos, como sites institucionais, n\u00e3o havendo muitas atualiza\u00e7\u00f5es. Outro ponto importante \u00e9 a intera\u00e7\u00e3o, pois n\u00e3o costum\u00e1vamos voltar a visitar os sites que j\u00e1 conhec\u00edamos.<\/p>\n<p>Por volta de 2004 surgiu a web 2.0, onde as empresas come\u00e7aram a desenvolver espa\u00e7os onde os internautas pudessem contribuir e gerar conte\u00fados. Nessa fase, demos in\u00edcio \u00e0s wikis como wikip\u00e9dia e as nossas amadas m\u00eddias sociais! N\u00e3o \u00e9 que tomamos gosto por ser donos dos nossos conte\u00fados e estamos gerando cada vez mais?! Assim chegamos ao \u00e1pice da vers\u00e3o 2.0 dessa tal de web, agora n\u00e3o apenas interagimos com as p\u00e1ginas que j\u00e1 existem, n\u00f3s tamb\u00e9m criamos as nossas e temos acesso \u00e0s mais diversas ferramentas para expor nossas opini\u00f5es e conte\u00fados.<\/p>\n<p>A web 3.0, somada aos smartphones passam a fazer parte de nossas vidas e com isso geramos novas tend\u00eancias e possibilidades. Dentre elas, temos a capacidade de uso de sistemas com a Intelig\u00eancia Artificial, podemos ensinar novas formas de fazer com o Machine Learning e seremos cada vez mais conectados com as tend\u00eancias de Ubiquidade e Internet das Coisas.<\/p>\n<p>E voc\u00ea, o que espera da nossa amada Internet?! Aproveita que hoje \u00e9 o dia dela e conta pra gente =D<\/p>\n<p>&nbsp;<\/p>\n<p><b>Refer\u00eancias<\/b> :<\/p>\n<p><a href=\"http:\/\/www.fapcom.edu.br\/blog\/os-conceitos-de-web-1-0-2-0-e-3-0.html\" target=\"_blank\" rel=\"noopener noreferrer\">Conceitos de versionamentos da web<\/a><br \/>\n<a href=\"https:\/\/olhardigital.uol.com.br\/noticia\/17_de_maio_dia_mundial_da_internet\/18031\" target=\"_blank\" rel=\"noopener noreferrer\">Dia Mundial da Internet<\/a><br \/>\n<a href=\"http:\/\/www.gonzatto.com\/projetos\/hipertextos2014\/e_bushmemex\/\" target=\"_blank\" rel=\"noopener noreferrer\">Memex<\/a><\/p>\n","protected":false},"excerpt":{"rendered":"<p>Hoje, dia 17 de maio, \u00e9 o dia Mundial da Sociedade da Informa\u00e7\u00e3o, ou seja, dia da sua, da minha, da nossa amada internet! Ah! O que falar dessa tal de internet que mal conhe\u00e7o e j\u00e1 considero pacas?! At\u00e9 2005, o Dia Mundial das Telecomunica\u00e7\u00f5es era comemorado no dia 17 de maio. Em 2006, [&hellip;]<\/p>\n","protected":false},"author":281,"featured_media":11498,"comment_status":"closed","ping_status":"closed","sticky":false,"template":"","format":"standard","meta":{"footnotes":""},"categories":[1179,8],"tags":[1364],"class_list":["post-11496","post","type-post","status-publish","format-standard","has-post-thumbnail","hentry","category-desenvolvimento","category-tecnologia","tag-tendencias"],"_links":{"self":[{"href":"https:\/\/king.host\/blog\/wp-json\/wp\/v2\/posts\/11496","targetHints":{"allow":["GET"]}}],"collection":[{"href":"https:\/\/king.host\/blog\/wp-json\/wp\/v2\/posts"}],"about":[{"href":"https:\/\/king.host\/blog\/wp-json\/wp\/v2\/types\/post"}],"author":[{"embeddable":true,"href":"https:\/\/king.host\/blog\/wp-json\/wp\/v2\/users\/281"}],"replies":[{"embeddable":true,"href":"https:\/\/king.host\/blog\/wp-json\/wp\/v2\/comments?post=11496"}],"version-history":[{"count":5,"href":"https:\/\/king.host\/blog\/wp-json\/wp\/v2\/posts\/11496\/revisions"}],"predecessor-version":[{"id":31393,"href":"https:\/\/king.host\/blog\/wp-json\/wp\/v2\/posts\/11496\/revisions\/31393"}],"wp:featuredmedia":[{"embeddable":true,"href":"https:\/\/king.host\/blog\/wp-json\/wp\/v2\/media\/11498"}],"wp:attachment":[{"href":"https:\/\/king.host\/blog\/wp-json\/wp\/v2\/media?parent=11496"}],"wp:term":[{"taxonomy":"category","embeddable":true,"href":"https:\/\/king.host\/blog\/wp-json\/wp\/v2\/categories?post=11496"},{"taxonomy":"post_tag","embeddable":true,"href":"https:\/\/king.host\/blog\/wp-json\/wp\/v2\/tags?post=11496"}],"curies":[{"name":"wp","href":"https:\/\/api.w.org\/{rel}","templated":true}]}}