{"id":18927,"date":"2018-08-29T14:40:23","date_gmt":"2018-08-29T17:40:23","guid":{"rendered":"https:\/\/king.host\/blog\/?p=18927"},"modified":"2026-04-06T10:22:08","modified_gmt":"2026-04-06T13:22:08","slug":"dia-nacional-visibilidade-lesbica","status":"publish","type":"post","link":"https:\/\/king.host\/blog\/empreendedorismo\/dia-nacional-visibilidade-lesbica\/","title":{"rendered":"Saiba a import\u00e2ncia do Dia Nacional da Visibilidade L\u00e9sbica"},"content":{"rendered":"<p>Apesar da m\u00e1 fama, o m\u00eas de agosto pode ser considerado sim, um m\u00eas muito importante. Hoje, 29 de agosto, \u00e9 o <strong>Dia Nacional da Visibilidade L\u00e9sbica<\/strong>.<\/p>\n<p>E por que? Bom, porque em 29 de agosto de 1996 acontecia o <strong>1\u00ba Semin\u00e1rio Nacional de L\u00e9sbicas (SENALE)<\/strong>, ocasi\u00e3o em que as militantes institu\u00edram o data, simbolizando a luta e a <strong>resist\u00eancia das mulheres l\u00e9sbica<\/strong>s.<\/p>\n<p>Ter um dia nosso no calend\u00e1rio, n\u00e3o \u00e9 apenas quest\u00e3o de capricho, mas \u00e9 uma maneira de dar <strong>visibilidade \u00e0s nossas reivindica\u00e7\u00f5es<\/strong>. \u00c9 atrav\u00e9s da visibilidade que nos fazemos presentes, nos fortalecemos, rompemos o silenciamento e fazemos com os diversos casos de viol\u00eancia que sofremos sejam registrados e nomeados. Al\u00e9m disso, <strong>garantimos nosso espa\u00e7o na sociedade<\/strong>, pol\u00edticas p\u00fablicas e tratamento m\u00e9dico adequado.<\/p>\n<p>Portanto, n\u00e3o apenas no dia da visibilidade l\u00e9sbica, queremos vistas e ter nossos direitos garantidos. <strong>Queremos combater a lesbofobia, o machismo, o racismo<\/strong> e que haja consci\u00eancia do qu\u00e3o relevante \u00e9 o nosso posicionamento. Ent\u00e3o, meu maior desejo para esse dia \u00e9 de alguma maneira haja uma movimenta\u00e7\u00e3o, nem que seja pequena, na consci\u00eancia das pessoas e que outras mulheres l\u00e9sbicas possam ter a coragem de vivenciar o amor, sem medo.<\/p>\n<p>Vale lembrar que em maio tamb\u00e9m preparamos um material de <strong><a href=\"https:\/\/king.host\/blog\/2018\/05\/kinghost-contra-homofobia\/\" target=\"_blank\" rel=\"noopener noreferrer\">combate \u00e0 homofobia<\/a><\/strong>.\u00a0N\u00f3s, da KingHost, defendemos a liberdade de se ser quem se \u00e9. Acreditamos que o mundo pode ser, um dia,<strong> livre de homofobia, preconceitos e viol\u00eancia<\/strong>. Fazemos nossa parte aqui dentro da empresa com a\u00e7\u00f5es, sempre na busca pelo melhor clima organizacional poss\u00edvel aos nossos colaboradores com respeito e inclus\u00e3o.<\/p>\n<p><a href=\"https:\/\/king.host\/talentos\"><img fetchpriority=\"high\" decoding=\"async\" class=\"aligncenter wp-image-18850 size-full\" src=\"https:\/\/cdn-cms.king.host\/blog-hlg\/uploads\/2018\/08\/2018-05-15-banner-vagas-blog.png\" alt=\"\" width=\"600\" height=\"120\" title=\"\" srcset=\"https:\/\/cdn-cms.king.host\/blog-hlg\/uploads\/2018\/08\/2018-05-15-banner-vagas-blog.png 600w, https:\/\/cdn-cms.king.host\/blog-hlg\/uploads\/2018\/08\/2018-05-15-banner-vagas-blog-300x60.png 300w, https:\/\/cdn-cms.king.host\/blog-hlg\/uploads\/2018\/08\/2018-05-15-banner-vagas-blog-400x80.png 400w\" sizes=\"(max-width: 600px) 100vw, 600px\" \/><\/a><\/p>\n","protected":false},"excerpt":{"rendered":"<p>Apesar da m\u00e1 fama, o m\u00eas de agosto pode ser considerado sim, um m\u00eas muito importante. Hoje, 29 de agosto, \u00e9 o Dia Nacional da Visibilidade L\u00e9sbica. E por que? Bom, porque em 29 de agosto de 1996 acontecia o 1\u00ba Semin\u00e1rio Nacional de L\u00e9sbicas (SENALE), ocasi\u00e3o em que as militantes institu\u00edram o data, simbolizando [&hellip;]<\/p>\n","protected":false},"author":1,"featured_media":0,"comment_status":"closed","ping_status":"closed","sticky":false,"template":"","format":"video","meta":{"footnotes":""},"categories":[1192],"tags":[1371],"class_list":["post-18927","post","type-post","status-publish","format-video","hentry","category-empreendedorismo","tag-diversidade","post_format-post-format-video"],"_links":{"self":[{"href":"https:\/\/king.host\/blog\/wp-json\/wp\/v2\/posts\/18927","targetHints":{"allow":["GET"]}}],"collection":[{"href":"https:\/\/king.host\/blog\/wp-json\/wp\/v2\/posts"}],"about":[{"href":"https:\/\/king.host\/blog\/wp-json\/wp\/v2\/types\/post"}],"author":[{"embeddable":true,"href":"https:\/\/king.host\/blog\/wp-json\/wp\/v2\/users\/1"}],"replies":[{"embeddable":true,"href":"https:\/\/king.host\/blog\/wp-json\/wp\/v2\/comments?post=18927"}],"version-history":[{"count":6,"href":"https:\/\/king.host\/blog\/wp-json\/wp\/v2\/posts\/18927\/revisions"}],"predecessor-version":[{"id":35997,"href":"https:\/\/king.host\/blog\/wp-json\/wp\/v2\/posts\/18927\/revisions\/35997"}],"wp:attachment":[{"href":"https:\/\/king.host\/blog\/wp-json\/wp\/v2\/media?parent=18927"}],"wp:term":[{"taxonomy":"category","embeddable":true,"href":"https:\/\/king.host\/blog\/wp-json\/wp\/v2\/categories?post=18927"},{"taxonomy":"post_tag","embeddable":true,"href":"https:\/\/king.host\/blog\/wp-json\/wp\/v2\/tags?post=18927"}],"curies":[{"name":"wp","href":"https:\/\/api.w.org\/{rel}","templated":true}]}}