{"id":19466,"date":"2018-11-20T13:43:16","date_gmt":"2018-11-20T15:43:16","guid":{"rendered":"https:\/\/king.host\/blog\/?p=19466"},"modified":"2025-09-22T23:00:25","modified_gmt":"2025-09-23T02:00:25","slug":"dia-da-consciencia-negra","status":"publish","type":"post","link":"https:\/\/king.host\/blog\/a-kinghost\/dia-da-consciencia-negra\/","title":{"rendered":"Dia da Consci\u00eancia Negra e a realidade no Brasil"},"content":{"rendered":"<p>Comentei em outras publica\u00e7\u00f5es aqui no Blog que n\u00f3s da KingHost trabalhamos com solu\u00e7\u00f5es, servi\u00e7os de tecnologia e <strong>conex\u00f5es humanas<\/strong>. Por conta disso, datas importantes como o <strong>Dia da Consci\u00eancia Negra<\/strong> n\u00e3o poderia ficar de fora do nosso calend\u00e1rio de homenagens e respeito.<\/p>\n<p>Comemorado no dia 20 de novembro em todo Brasil, a <strong>data faz refer\u00eancia ao dia da morte de Zumbi dos Palmares<\/strong>, l\u00edder do Quilombo de Palmares. Conhecido por lutar para preserva\u00e7\u00e3o do modo de vida dos africanos escravizados que conseguiam fugir da escravid\u00e3o, Zumbi dos Palmares se tornou um s\u00edmbolo de resist\u00eancia.<\/p>\n<h2>A import\u00e2ncia do Dia da Consci\u00eancia Negra<\/h2>\n<p>A data possui extrema relev\u00e2ncia como <strong>reconhecimento dos descendentes africanos na constitui\u00e7\u00e3o e na constru\u00e7\u00e3o da sociedade brasileira.<\/strong><\/p>\n<p>Voc\u00eas sabiam que <strong>negros e pardos representam 54% da popula\u00e7\u00e3o Brasileira<\/strong>, segundo dados da PNAD (Pesquisa Nacional por Amostra de Domic\u00edlios), realizada pelo IBGE (Instituto Brasileiro de Geografia e Estat\u00edstica)? Contudo, sua participa\u00e7\u00e3o no grupo dos <strong>10% mais pobres do Brasil representa 75%<\/strong>. Isso evidencia o Brasil como um dos pa\u00edses mais desiguais do planeta.<\/p>\n<h2>Negros na economia e a exclus\u00e3o digital<\/h2>\n<p>H\u00e1 poucas semanas tive a oportunidade de assistir \u00e0 palestra da Nina Silva, considerada uma das <strong><a href=\"http:\/\/www.zumbidospalmares.edu.br\/nina-silva-e-nomeada-uma-das-100-pessoas-negras-mais-influentes-do-mundo\/\" target=\"_blank\" rel=\"noopener noreferrer\">pessoas negras mais influentes do mundo<\/a><\/strong>. L\u00e1, al\u00e9m de diversos dados e informa\u00e7\u00f5es, ela destacou algo que me chamou bastante aten\u00e7\u00e3o.<\/p>\n<p>&#8220;<strong>A popula\u00e7\u00e3o negra movimentou 1,5 trilh\u00f5es de reais em 2017. Se esta popula\u00e7\u00e3o formasse um pa\u00eds, ela estaria no g20 do consumo mundial<\/strong>&#8220;, segundo Locomotiva Instituto de Pesquisa.<\/p>\n<p>No Brasil a realidade tende a ser diferente, uma vez que <strong>2\/3 dos desempregados no Brasil s\u00e3o negros.<\/strong><\/p>\n<p>Pesquisando informa\u00e7\u00f5es para desenvolver esse artigo, me deparei com um texto, escrito pela jornalista Ana Claudia Mielke, no qual ela conta que em 2014 o<strong> IBGE realizou uma pesquisa hist\u00f3rica<\/strong> sobre Acesso \u00e0 Internet e \u00e0 Televis\u00e3o e Posse de Telefone M\u00f3vel para Uso Pessoal (<strong><a href=\"https:\/\/ww2.ibge.gov.br\/home\/estatistica\/pesquisas\/pesquisa_resultados.php?id_pesquisa=40\" target=\"_blank\" rel=\"noopener noreferrer\">PNAD2014TI<\/a><\/strong>).<\/p>\n<p>Na pesquisa foi poss\u00edvel evidenciar que, da popula\u00e7\u00e3o com mais de 10 anos que havia acessado a Internet nos \u00faltimos tr\u00eas meses antes da realiza\u00e7\u00e3o da pesquisa, <strong>61,5% eram brancos, enquanto que, entre os negros e negras, o percentual baixava para 39,5%<\/strong>.<\/p>\n<p>A diferen\u00e7a j\u00e1 foi ainda maior. Ainda segundo o texto, em 2003, <strong>um branco nas mesmas condi\u00e7\u00f5es de um negro tinha 167% mais chances de acessar a Internet<\/strong>, segundo o Mapa da Exclus\u00e3o Digital (Funda\u00e7\u00e3o Get\u00falio Vargas)<\/p>\n<h2>V\u00eddeo Dia da Consci\u00eancia Negra<\/h2>\n<p>Pensando no respeito e inclus\u00e3o, n\u00f3s convidamos KingHosters negros a gravarem um <strong>v\u00eddeo em homenagem \u00e0 data<\/strong>. Fizemos algumas perguntas chave que, muitas vezes, pessoas questionam sem perceber que est\u00e3o agindo de forma discriminat\u00f3ria e n\u00e3o emp\u00e1tica.<\/p>\n<p>N\u00f3s acreditamos que o mundo pode ser, um dia, <strong>livre de preconceitos, discrimina\u00e7\u00f5es e viol\u00eancia<\/strong>. Fazemos nossa parte aqui dentro da empresa com a\u00e7\u00f5es, sempre na busca pelo melhor clima organizacional poss\u00edvel aos nossos colaboradores com respeito e inclus\u00e3o.<\/p>\n<p>Fique ligado no LAB, o <a href=\"https:\/\/king.host\/blog\/\" target=\"_blank\" rel=\"noopener noreferrer\"><strong>Blog da KingHost<\/strong><\/a> para mais conte\u00fados sobre tecnologia, <strong>diversidade e inclus\u00e3o<\/strong>.<\/p>\n","protected":false},"excerpt":{"rendered":"<p>Comentei em outras publica\u00e7\u00f5es aqui no Blog que n\u00f3s da KingHost trabalhamos com solu\u00e7\u00f5es, servi\u00e7os de tecnologia e conex\u00f5es humanas. Por conta disso, datas importantes como o Dia da Consci\u00eancia Negra n\u00e3o poderia ficar de fora do nosso calend\u00e1rio de homenagens e respeito. Comemorado no dia 20 de novembro em todo Brasil, a data faz [&hellip;]<\/p>\n","protected":false},"author":277,"featured_media":33107,"comment_status":"closed","ping_status":"closed","sticky":false,"template":"","format":"video","meta":{"footnotes":""},"categories":[1316],"tags":[1371],"class_list":["post-19466","post","type-post","status-publish","format-video","has-post-thumbnail","hentry","category-a-kinghost","tag-diversidade","post_format-post-format-video"],"_links":{"self":[{"href":"https:\/\/king.host\/blog\/wp-json\/wp\/v2\/posts\/19466","targetHints":{"allow":["GET"]}}],"collection":[{"href":"https:\/\/king.host\/blog\/wp-json\/wp\/v2\/posts"}],"about":[{"href":"https:\/\/king.host\/blog\/wp-json\/wp\/v2\/types\/post"}],"author":[{"embeddable":true,"href":"https:\/\/king.host\/blog\/wp-json\/wp\/v2\/users\/277"}],"replies":[{"embeddable":true,"href":"https:\/\/king.host\/blog\/wp-json\/wp\/v2\/comments?post=19466"}],"version-history":[{"count":8,"href":"https:\/\/king.host\/blog\/wp-json\/wp\/v2\/posts\/19466\/revisions"}],"predecessor-version":[{"id":42324,"href":"https:\/\/king.host\/blog\/wp-json\/wp\/v2\/posts\/19466\/revisions\/42324"}],"wp:featuredmedia":[{"embeddable":true,"href":"https:\/\/king.host\/blog\/wp-json\/wp\/v2\/media\/33107"}],"wp:attachment":[{"href":"https:\/\/king.host\/blog\/wp-json\/wp\/v2\/media?parent=19466"}],"wp:term":[{"taxonomy":"category","embeddable":true,"href":"https:\/\/king.host\/blog\/wp-json\/wp\/v2\/categories?post=19466"},{"taxonomy":"post_tag","embeddable":true,"href":"https:\/\/king.host\/blog\/wp-json\/wp\/v2\/tags?post=19466"}],"curies":[{"name":"wp","href":"https:\/\/api.w.org\/{rel}","templated":true}]}}