{"id":20149,"date":"2019-03-14T15:56:27","date_gmt":"2019-03-14T18:56:27","guid":{"rendered":"https:\/\/king.host\/blog\/?p=20149"},"modified":"2024-06-03T15:54:12","modified_gmt":"2024-06-03T18:54:12","slug":"amazon-vs-amazonia","status":"publish","type":"post","link":"https:\/\/king.host\/blog\/servicos-essenciais\/amazon-vs-amazonia\/","title":{"rendered":"Amazon vs Amaz\u00f4nia: a disputa pela extens\u00e3o de dom\u00ednio .amazon"},"content":{"rendered":"<p><strong>Um confronto entre uma gigante varejista e a maior floresta tropical do mundo<\/strong>, por essa voc\u00eas n\u00e3o esperavam, n\u00e3o \u00e9 mesmo? Essa \u00e9 a situa\u00e7\u00e3o ocasionada pela <strong>disputa pela extens\u00e3o de dom\u00ednio \u201c.amazon\u201d. [Atualiza\u00e7\u00e3o: leia no final do texto quem acabou ganhando a disputa]<\/strong><\/p>\n<p>Essa disputa surgiu em 2012, quando o <a href=\"https:\/\/www.icann.org\/\" target=\"_blank\" rel=\"noopener\"><strong>ICAAN<\/strong><\/a>, organiza\u00e7\u00e3o independente respons\u00e1vel pela atribui\u00e7\u00e3o de nomes e n\u00fameros na internet, aprovou a libera\u00e7\u00e3o de endere\u00e7os na internet no formato \u201c.algumacoisa\u201d, al\u00e9m dos que j\u00e1 conhecemos, como \u201c.com\u201d, \u201c.net\u201d e \u201c.org\u201d. Com isso, diversas corpora\u00e7\u00f5es ao redor do mundo buscaram <strong>registrar essas extens\u00f5es de acordo com o interesse da sua marca<\/strong>. A americana Amazon aproveitou para ter o controle de extens\u00f5es como \u201c.game\u201d, \u201c.kindle\u201d, e claro o nome da companhia \u201c.amazon\u201d.<\/p>\n<p><em>Mas voc\u00ea sabe o que s\u00e3o extens\u00f5es de dom\u00ednio? Confira agora nosso texto \u201c<strong><a href=\"https:\/\/king.host\/blog\/2018\/05\/extensoes-dominio-tld-gtld-cctlds\/\">Extens\u00e3o de dom\u00ednio: entenda tudo sobre<\/a><\/strong>\u201d<\/em><\/p>\n<p>Entretanto, o Brasil e os outros sete pa\u00edses da regi\u00e3o amaz\u00f4nica entraram com a solicita\u00e7\u00e3o para que <strong>a extens\u00e3o n\u00e3o seja monop\u00f3lio de uma empresa e que fique dispon\u00edvel para utiliza\u00e7\u00e3o em websites de conscientiza\u00e7\u00e3o ambiental<\/strong> sobre a regi\u00e3o amaz\u00f4nica. Em 2012 a decis\u00e3o deu como favor\u00e1vel para os pa\u00edses da floresta amaz\u00f4nica e colocou o status de \u201cn\u00e3o dar seguimento\u201d ao processo aberto pela companhia americana.<\/p>\n<figure id=\"attachment_20152\" aria-describedby=\"caption-attachment-20152\" style=\"width: 640px\" class=\"wp-caption alignnone\"><img fetchpriority=\"high\" decoding=\"async\" class=\"wp-image-20152 size-full\" src=\"https:\/\/cdn-cms.king.host\/blog-hlg\/uploads\/2019\/03\/amazonia-e-amazon-na-disputa-pela-extensao-de-dominio-.amazon.jpg\" alt=\"Amazon e Amaz\u00f4nia travam uma batalha pela extens\u00e3o gTLDs .amazon\" width=\"640\" height=\"381\" title=\"\" srcset=\"https:\/\/cdn-cms.king.host\/blog-hlg\/uploads\/2019\/03\/amazonia-e-amazon-na-disputa-pela-extensao-de-dominio-.amazon.jpg 640w, https:\/\/cdn-cms.king.host\/blog-hlg\/uploads\/2019\/03\/amazonia-e-amazon-na-disputa-pela-extensao-de-dominio-.amazon-300x179.jpg 300w, https:\/\/cdn-cms.king.host\/blog-hlg\/uploads\/2019\/03\/amazonia-e-amazon-na-disputa-pela-extensao-de-dominio-.amazon-400x238.jpg 400w\" sizes=\"(max-width: 640px) 100vw, 640px\" \/><figcaption id=\"caption-attachment-20152\" class=\"wp-caption-text\">A Amaz\u00f4nia \u00e9 a maior floresta tropical do mundo, e seu nome serviu de inspira\u00e7\u00e3o para a empresa Amazon. Cr\u00e9ditos: Mario Oliveira &#8211; MTUR<\/figcaption><\/figure>\n<p>Entretanto,<strong> em outubro de 2018, o processo foi reaberto<\/strong>, sob a afirma\u00e7\u00e3o da diretoria da entidade que havia encontrado um caminho de negocia\u00e7\u00e3o entre os pa\u00edses membros da Organiza\u00e7\u00e3o do tratado de Coopera\u00e7\u00e3o Amaz\u00f4nica e a Amazon.<\/p>\n<p>Para Virg\u00edlio Almeida, coordenador do <strong><a href=\"https:\/\/cgi.br\/esclarecimento\/public-note-concerning-the-case-of-the-gtld-amazon-2019\/\" target=\"_blank\" rel=\"noopener\">CGI.br<\/a><\/strong>, n\u00e3o restam d\u00favidas de que esse dom\u00ednio deva ser um bem do p\u00fablico da regi\u00e3o amaz\u00f4nica. \u201cRessaltamos nosso posicionamento de que quaisquer outros dom\u00ednios de topo que contenham valor cultural, geogr\u00e1fico ou patrimonial n\u00e3o devam ser delegados a entidades de car\u00e1ter privado dissociadas do interesse p\u00fablico\u201d, completa.<\/p>\n<p>Agora que voc\u00ea entendeu a import\u00e2ncia de registrar um dom\u00ednio que seja a cara da sua empresa, aproveite e garanta o seu. Clique no banner abaixo e crie o seu.<\/p>\n<p><a href=\"https:\/\/king.host\/consulta-dominio?utm_source=lab&amp;utm_medium=post&amp;utm_term=pesquisar-dominio&amp;utm_content=pesquisar-dominio&amp;utm_campaign=content-marketing\"><img decoding=\"async\" class=\"alignnone wp-image-25066 size-full\" src=\"https:\/\/cdn-cms.king.host\/blog-hlg\/uploads\/2018\/07\/crieagoraseudominio-banner_600x170.png\" alt=\"Banner- Registro de Dom\u00ednio KingHost-Seja encontrado agora mesmo\" width=\"600\" height=\"170\" title=\"\" srcset=\"https:\/\/cdn-cms.king.host\/blog-hlg\/uploads\/2018\/07\/crieagoraseudominio-banner_600x170.png 600w, https:\/\/cdn-cms.king.host\/blog-hlg\/uploads\/2018\/07\/crieagoraseudominio-banner_600x170-300x85.png 300w, https:\/\/cdn-cms.king.host\/blog-hlg\/uploads\/2018\/07\/crieagoraseudominio-banner_600x170-400x113.png 400w\" sizes=\"(max-width: 600px) 100vw, 600px\" \/><\/a><\/p>\n<p>E voc\u00ea, qual a sua opini\u00e3o? A extens\u00e3o deve ser de propriedade da floresta amaz\u00f4nica ou da empresa Amazon? Vote na nossa enquete abaixo e veja o resultado!<\/p>\n<p><em>Atualiza\u00e7\u00e3o 22\/05\/2019: O conselho do <a href=\"https:\/\/www.icann.org\/resources\/board-material\/resolutions-2019-05-15-en#1.c\" target=\"_blank\" rel=\"noopener\"><strong>ICANN publicou a aprova\u00e7\u00e3o<\/strong><\/a> do uso da extens\u00e3o .amazon pela empresa americana Amazon e total controle sobre a mesma no dia 17 de maio de 2019. Entretanto, fica estabelecido que alguns termos est\u00e3o bloqueados, para n\u00e3o haver conflito com a regi\u00e3o amaz\u00f4nica e ainda disponibiliza 9 nomes de dom\u00ednio com extens\u00e3o .amazon para serem utilizadas pelos pa\u00edses membros da regi\u00e3o amaz\u00f4nica (ACTO). Em <a href=\"http:\/\/www.itamaraty.gov.br\/pt-BR\/notas-a-imprensa\/20411-solicitacao-de-atribuicao-de-dominio-de-primeiro-nivel-amazon-2\" target=\"_blank\" rel=\"noopener\">nota publicada pelo Itamaraty<\/a>, o Ministro das Rela\u00e7\u00f5es Exteriores, demonstra sua insatisfa\u00e7\u00e3o com a decis\u00e3o. &#8220;Preocupa que uma decis\u00e3o daquela entidade deixe de considerar adequadamente o interesse p\u00fablico identificado por oito governos, em particular a necessidade de defender o patrim\u00f4nio natural, cultural e simb\u00f3lico dos pa\u00edses e povos da regi\u00e3o amaz\u00f4nica.&#8221; destaca o ministro.\u00a0<\/em><\/p>\n<div class=\"playbuzz\" data-id=\"4c73fd30-660e-4968-b7d0-1d18c2693e83\" data-show-share=\"false\" data-show-info=\"false\"><\/div>\n","protected":false},"excerpt":{"rendered":"<p>Um confronto entre uma gigante varejista e a maior floresta tropical do mundo, por essa voc\u00eas n\u00e3o esperavam, n\u00e3o \u00e9 mesmo? Essa \u00e9 a situa\u00e7\u00e3o ocasionada pela disputa pela extens\u00e3o de dom\u00ednio \u201c.amazon\u201d. [Atualiza\u00e7\u00e3o: leia no final do texto quem acabou ganhando a disputa] Essa disputa surgiu em 2012, quando o ICAAN, organiza\u00e7\u00e3o independente respons\u00e1vel [&hellip;]<\/p>\n","protected":false},"author":337,"featured_media":20751,"comment_status":"closed","ping_status":"closed","sticky":false,"template":"","format":"standard","meta":{"footnotes":""},"categories":[1329,1328],"tags":[1380],"class_list":["post-20149","post","type-post","status-publish","format-standard","has-post-thumbnail","hentry","category-registro-de-dominio","category-servicos-essenciais","tag-registro-de-dominio"],"_links":{"self":[{"href":"https:\/\/king.host\/blog\/wp-json\/wp\/v2\/posts\/20149","targetHints":{"allow":["GET"]}}],"collection":[{"href":"https:\/\/king.host\/blog\/wp-json\/wp\/v2\/posts"}],"about":[{"href":"https:\/\/king.host\/blog\/wp-json\/wp\/v2\/types\/post"}],"author":[{"embeddable":true,"href":"https:\/\/king.host\/blog\/wp-json\/wp\/v2\/users\/337"}],"replies":[{"embeddable":true,"href":"https:\/\/king.host\/blog\/wp-json\/wp\/v2\/comments?post=20149"}],"version-history":[{"count":11,"href":"https:\/\/king.host\/blog\/wp-json\/wp\/v2\/posts\/20149\/revisions"}],"predecessor-version":[{"id":37363,"href":"https:\/\/king.host\/blog\/wp-json\/wp\/v2\/posts\/20149\/revisions\/37363"}],"wp:featuredmedia":[{"embeddable":true,"href":"https:\/\/king.host\/blog\/wp-json\/wp\/v2\/media\/20751"}],"wp:attachment":[{"href":"https:\/\/king.host\/blog\/wp-json\/wp\/v2\/media?parent=20149"}],"wp:term":[{"taxonomy":"category","embeddable":true,"href":"https:\/\/king.host\/blog\/wp-json\/wp\/v2\/categories?post=20149"},{"taxonomy":"post_tag","embeddable":true,"href":"https:\/\/king.host\/blog\/wp-json\/wp\/v2\/tags?post=20149"}],"curies":[{"name":"wp","href":"https:\/\/api.w.org\/{rel}","templated":true}]}}