{"id":21681,"date":"2019-11-20T17:02:29","date_gmt":"2019-11-20T19:02:29","guid":{"rendered":"https:\/\/king.host\/blog\/?p=21681"},"modified":"2024-06-03T15:23:16","modified_gmt":"2024-06-03T18:23:16","slug":"construir-pratica-antirracista","status":"publish","type":"post","link":"https:\/\/king.host\/blog\/a-kinghost\/construir-pratica-antirracista\/","title":{"rendered":"Como construir uma pr\u00e1tica antirracista na sua organiza\u00e7\u00e3o"},"content":{"rendered":"<p>20 de novembro \u00e9 o <strong>Dia da Consci\u00eancia Negra<\/strong> e gostaria de come\u00e7ar esse texto te questionando: voc\u00ea \u00e9 consciente racialmente? A pergunta \u00e9 provocadora. Mas, meu objetivo \u00e9 refletir, se ao longo dos 365 dias do ano, realmente temos uma consci\u00eancia negra e conseguimos transform\u00e1-la em uma pr\u00e1tica antirracista.<\/p>\n<p>Exercer uma consci\u00eancia negra, vai <strong>al\u00e9m de valorizar a negritude<\/strong>, \u00e9 compreender o processo hist\u00f3rico da escraviza\u00e7\u00e3o no Brasil e entender quais foram as consequ\u00eancias na sociedade. Ok?<\/p>\n<p>Antes de entrarmos no assunto, deixa eu me apresentar: sou a Luana Daltro, Analista de Marketing com \u00eanfase em Branding na KingHost, e gostaria de te convidar a imergir nesse assunto comigo. Vamos l\u00e1? Eu tenho certeza que podemos construir uma pauta positiva.<\/p>\n<h2>Por que 20 de novembro \u00e9 o dia da consci\u00eancia negra?<\/h2>\n<p>Fomos libertos em <strong>13 de maio de 1888<\/strong>, data que a Princesa Isabel assina a <strong>lei \u00e1urea<\/strong> e d\u00e1 fim ao regime de escraviza\u00e7\u00e3o no Brasil &#8211; importante destacar que o regime n\u00e3o foi de escravid\u00e3o como aprendemos, pois os negros e negras foram obrigados \u00e0 essa realidade e lutaram ao longo de quatro s\u00e9culos da hist\u00f3ria do Brasil para encerrar o regime.<\/p>\n<p>A data da alforria <strong>n\u00e3o \u00e9 considerada um s\u00edmbolo para luta negra<\/strong>, j\u00e1 que a tomada de decis\u00e3o da princesa foi motivada pelo <strong>movimento abolicionista<\/strong>, que se espalhava pelo mundo e clamava pela aboli\u00e7\u00e3o da escravatura, somado \u00e0<strong> press\u00e3o da pol\u00edtica externa para o fim<\/strong>.<\/p>\n<p>O resultado foi a liberta\u00e7\u00e3o de negros e negras <strong>sem a estrutura\u00e7\u00e3o de uma pol\u00edtica p\u00fablica que os inserisse na sociedade<\/strong>, ao contr\u00e1rio, foram colocados \u00e0s margens, sem trabalho, moradia e direitos.<\/p>\n<p>Em 1971, conquistamos uma data representativa. Oliveira Silveira, poeta, professor e ativista do Movimento Negro, Vilmar Nunes, Ilmo da Silva e Ant\u00f4nio Carlos C\u00f4rtes, criam o grupo Palmares e come\u00e7am a <strong>questionar a legitimidade da data<\/strong>.<\/p>\n<p>A partir de pesquisas, descobrem que foi no dia 20 de novembro, que<strong> Zumbi dos Palmares<\/strong>, l\u00edder quilombola e principal nome da luta contra os portugueses e resist\u00eancia negra, foi morto e resolvem institucionalizar a data como o dia da consci\u00eancia negra em sua homenagem.<\/p>\n<h2>O que queremos dizer sobre Consci\u00eancia Negra e a pr\u00e1tica antirracista?<\/h2>\n<p>Ser consciente \u00e9 entender que no mundo existiu um processo de escraviza\u00e7\u00e3o e genoc\u00eddio de pessoas pela <strong>cren\u00e7a de uma supremacia racial<\/strong>.<\/p>\n<p>Ao longo de 400 anos, pessoas negras foram escravizadas no Brasil, tratadas como objetos de explora\u00e7\u00e3o, por isso, n\u00e3o h\u00e1 como passar uma borracha na hist\u00f3ria.<\/p>\n<blockquote><p>O dia da Consci\u00eancia Negra \u00e9 a \u00fanica data em que muitas pessoas refletem sobre as a\u00e7\u00f5es praticadas contra negros e negras, e quais s\u00e3o os reflexos que pautam a nossa sociedade.<\/p><\/blockquote>\n<p>Quando voc\u00ea busca no Google por \u201cdados pessoas negras no Brasil\u201d, o resultado na sequ\u00eancia apresentado na se\u00e7\u00e3o de not\u00edcias \u00e9:<\/p>\n<ul>\n<li><strong><a href=\"https:\/\/exame.abril.com.br\/brasil\/ibge-populacao-negra-e-principal-vitima-de-homicidio-no-brasil\/\" target=\"_blank\" rel=\"noopener noreferrer\">IBGE: Popula\u00e7\u00e3o negra \u00e9 principal v\u00edtima de homic\u00eddio no Brasil<\/a><\/strong>;<\/li>\n<li><strong><a href=\"https:\/\/brasil.elpais.com\/brasil\/2019\/11\/12\/politica\/1573581512_623918.html\" target=\"_blank\" rel=\"noopener noreferrer\">Mulheres negras recebem menos da metade do sal\u00e1rio dos homens brancos no Brasil<\/a><\/strong>;<\/li>\n<li><a href=\"http:\/\/agenciabrasil.ebc.com.br\/economia\/noticia\/2019-11\/negros-sao-maioria-entre-desocupados-e-trabalhadores-informais-no-pais\" target=\"_blank\" rel=\"noopener noreferrer\"><strong>Negros s\u00e3o maioria entre desocupados e trabalhadores informais no pa\u00eds.<\/strong><\/a><\/li>\n<\/ul>\n<p>Se as pessoas negras representam <strong>54% da popula\u00e7\u00e3o brasileira<\/strong>, segundo dados do IBGE, <strong>por que ainda temos uma desigualdade t\u00e3o latente na sociedade?<\/strong><\/p>\n<p>A resposta \u00e9 simples:<strong> temos um racismo estrutural enraizado na sociedade<\/strong>, pois ainda n\u00e3o temos pol\u00edticas de equidade suficientes para modificar o sistema.<\/p>\n<p>Para entender como os processos s\u00e3o constitu\u00eddos, assista ao v\u00eddeo que est\u00e1 no topo do post.<\/p>\n<p>Por isso, n\u00e3o podemos ser somente contra o racismo. <strong>Devemos ser antirracista<\/strong>, isto \u00e9, <strong>criar pr\u00e1ticas que desenvolvam a\u00e7\u00f5es que\u00a0combatam o racismo diariamente<\/strong>.<\/p>\n<h2>\u201cA tecnologia tem que ser voltada para sociedade\u201d, diz Nina Silva<\/h2>\n<p>Uma iniciativa que desenvolve uma pr\u00e1tica antirracista \u00e9 o movimento <a href=\"https:\/\/movimentoblackmoney.com.br\/\" target=\"_blank\" rel=\"noopener noreferrer\"><strong>Black Money<\/strong><\/a>. Nina Silva \u00e9 executiva e idealizadora do projeto que busca fomentar, de forma positiva e propositiva, a rela\u00e7\u00e3o entre dinheiro e pessoas negras. Ela acredita que \u00e9, por meio, da tecnologia que conseguimos transformar a sociedade.<\/p>\n<p>Na KingHost tamb\u00e9m acreditamos nessa transforma\u00e7\u00e3o. Por isso, criamos o Comit\u00ea de Diversidade Inclus\u00e3o, que busca construir um ambiente de respeito, no qual a cultura de inclus\u00e3o seja fortalecida diariamente para que se possa alcan\u00e7ar mais diversidade.<\/p>\n<p>Desde que entrei na King tive a oportunidade de propor a\u00e7\u00f5es que levassem conhecimento sobre a quest\u00e3o racial. O principal objetivo era fortalecer o pilar racial do Comit\u00ea de Diversidade e Inclus\u00e3o, mas, que acima de tudo, pudesse proporcionar pr\u00e1tica antirracista na organiza\u00e7\u00e3o.<\/p>\n<p>Abaixo vou listar duas a\u00e7\u00f5es que realizamos para que voc\u00ea possa se inspirar.<\/p>\n<h2>Lanceiros Negros: A hist\u00f3ria que a hist\u00f3ria n\u00e3o conta<\/h2>\n<p>No dia 20 de setembro celebramos a Revolu\u00e7\u00e3o Farroupilha no Rio Grande do Sul. Mas, por vezes, esquecemos de falar sobre a import\u00e2ncia que os Lanceiros Negros, escravizados que lutaram com a promessa de sua liberdade, tiveram nessa revolu\u00e7\u00e3o.<\/p>\n<p>Pensando nisso, convidamos o Projeto Afroativos, que promove a afrobetiza\u00e7\u00e3o de alunos e a valoriza\u00e7\u00e3o da autoestima, para compartilharem seus conhecimentos em rela\u00e7\u00e3o \u00e0 revolu\u00e7\u00e3o e apresentarem as atividades do projeto.<\/p>\n<p>Foi um momento gratificante, pois trouxemos para a consci\u00eancia das pessoas o que a hist\u00f3ria, em muitos casos, n\u00e3o conta.<\/p>\n<figure id=\"attachment_21683\" aria-describedby=\"caption-attachment-21683\" style=\"width: 780px\" class=\"wp-caption aligncenter\"><img fetchpriority=\"high\" decoding=\"async\" class=\"wp-image-21683 size-large\" src=\"https:\/\/cdn-cms.king.host\/blog-hlg\/uploads\/2019\/11\/cf-lanceirosnegros-0024-780x520.jpg\" alt=\"\" width=\"780\" height=\"520\" title=\"\" srcset=\"https:\/\/cdn-cms.king.host\/blog-hlg\/uploads\/2019\/11\/cf-lanceirosnegros-0024-780x520.jpg 780w, https:\/\/cdn-cms.king.host\/blog-hlg\/uploads\/2019\/11\/cf-lanceirosnegros-0024-300x200.jpg 300w, https:\/\/cdn-cms.king.host\/blog-hlg\/uploads\/2019\/11\/cf-lanceirosnegros-0024-768x512.jpg 768w, https:\/\/cdn-cms.king.host\/blog-hlg\/uploads\/2019\/11\/cf-lanceirosnegros-0024-2048x1365.jpg 2048w, https:\/\/cdn-cms.king.host\/blog-hlg\/uploads\/2019\/11\/cf-lanceirosnegros-0024-1024x683.jpg 1024w, https:\/\/cdn-cms.king.host\/blog-hlg\/uploads\/2019\/11\/cf-lanceirosnegros-0024-400x267.jpg 400w\" sizes=\"(max-width: 780px) 100vw, 780px\" \/><figcaption id=\"caption-attachment-21683\" class=\"wp-caption-text\">KingHost recebe o AfroAtivos para Caf\u00e9 Filos\u00f3fico.<\/figcaption><\/figure>\n<h2>Consci\u00eancia Negra: \u00e9 um dever de todas as pessoas.<\/h2>\n<p>Na King, buscamos prover oportunidades e desenvolvimento para todas as pessoas, pois acreditamos que cada um tem a liberdade para ser quem quiser.<\/p>\n<p>No m\u00eas da Consci\u00eancia Negra realizamos a\u00e7\u00f5es que refor\u00e7am o simbolismo da data e o anseio das pessoas, como na <strong><a href=\"https:\/\/king.host\/blog\/2018\/11\/dia-da-consciencia-negra\/\" target=\"_blank\" rel=\"noopener noreferrer\">a\u00e7\u00e3o realizada ano passado<\/a><\/strong>.<\/p>\n<p>Neste ano, convidamos os KingHosters a reflex\u00e3o e ao conhecimento sobre a quest\u00e3o racial.<\/p>\n<p>Provemos um talk, que ocorreu no dia 19\/11, com a <strong>Mariana Cruz, Scrum Master da KingHost<\/strong> e a <strong>T\u00e1bada Rosa, Head of Bussinnes da GAVB<\/strong>, para contarem sobre suas carreiras, gerando visibilidade e protagonismo \u00e0s mulheres negras em cargos de lideran\u00e7a.<\/p>\n<figure id=\"attachment_21682\" aria-describedby=\"caption-attachment-21682\" style=\"width: 780px\" class=\"wp-caption aligncenter\"><img decoding=\"async\" class=\"wp-image-21682 size-large\" src=\"https:\/\/cdn-cms.king.host\/blog-hlg\/uploads\/2019\/11\/foto-consciencia-negra-palestra-mariana-cruz-e-tabada-rosa-780x555.jpg\" alt=\"imagem da mariana cruz e tabada para post sobre pr\u00e1tica antirracista\" width=\"780\" height=\"555\" title=\"\" srcset=\"https:\/\/cdn-cms.king.host\/blog-hlg\/uploads\/2019\/11\/foto-consciencia-negra-palestra-mariana-cruz-e-tabada-rosa-780x555.jpg 780w, https:\/\/cdn-cms.king.host\/blog-hlg\/uploads\/2019\/11\/foto-consciencia-negra-palestra-mariana-cruz-e-tabada-rosa-300x214.jpg 300w, https:\/\/cdn-cms.king.host\/blog-hlg\/uploads\/2019\/11\/foto-consciencia-negra-palestra-mariana-cruz-e-tabada-rosa-768x547.jpg 768w, https:\/\/cdn-cms.king.host\/blog-hlg\/uploads\/2019\/11\/foto-consciencia-negra-palestra-mariana-cruz-e-tabada-rosa-2048x1458.jpg 2048w, https:\/\/cdn-cms.king.host\/blog-hlg\/uploads\/2019\/11\/foto-consciencia-negra-palestra-mariana-cruz-e-tabada-rosa-1024x729.jpg 1024w, https:\/\/cdn-cms.king.host\/blog-hlg\/uploads\/2019\/11\/foto-consciencia-negra-palestra-mariana-cruz-e-tabada-rosa-400x285.jpg 400w\" sizes=\"(max-width: 780px) 100vw, 780px\" \/><figcaption id=\"caption-attachment-21682\" class=\"wp-caption-text\">T\u00e1bada Rosa, \u00e0 esquerda, e Mariana Cruz, \u00e0 direita, em talk sobre protagonismo feminino negro.<\/figcaption><\/figure>\n<p>Para conscientizar, foram colocados cartazes em locais de circula\u00e7\u00e3o com<strong> express\u00f5es racistas, que s\u00e3o utilizadas no cotidiano e a explica\u00e7\u00e3o do significado pejorativo<\/strong>.<\/p>\n<p>Sei que h\u00e1 muito para ser feito e estruturado quando se aborda a quest\u00e3o racial. Mas, uma pr\u00e1tica antirracista pode ser desenvolvida em pequenas atitudes do dia a dia. O importante \u00e9 trazer para o consciente que a busca pela equidade deve entrar na sua rotina. <strong>Que tal come\u00e7ar hoje?<\/strong><\/p>\n<p>Esperamos que tenha gostado. Se tiver alguma d\u00favida ou reflex\u00e3o, deixa nos coment\u00e1rios.<\/p>\n<p>Quer se tornar um KingHoster? Clica no banner abaixo e confira nossas vagas.<\/p>\n<p><a href=\"https:\/\/king.host\/talentos?utm_source=lab&amp;utm_medium=post&amp;utm_term=consciencia-negra-antirracista&amp;utm_content=consciencia-negra-antirracista&amp;utm_campaign=content-marketing\" target=\"_blank\" rel=\"noopener noreferrer\"><img decoding=\"async\" class=\"aligncenter wp-image-21479 size-full\" src=\"https:\/\/cdn-cms.king.host\/blog-hlg\/uploads\/2019\/10\/2019-10-03-banner-vagas.png\" alt=\"banner-vagas-kinghost-post-premio-weps\" width=\"600\" height=\"150\" title=\"\" srcset=\"https:\/\/cdn-cms.king.host\/blog-hlg\/uploads\/2019\/10\/2019-10-03-banner-vagas.png 600w, https:\/\/cdn-cms.king.host\/blog-hlg\/uploads\/2019\/10\/2019-10-03-banner-vagas-300x75.png 300w, https:\/\/cdn-cms.king.host\/blog-hlg\/uploads\/2019\/10\/2019-10-03-banner-vagas-400x100.png 400w\" sizes=\"(max-width: 600px) 100vw, 600px\" \/><\/a><\/p>\n<p>Fique ligado no <a href=\"https:\/\/king.host\/blog\/\" target=\"_blank\" rel=\"noopener noreferrer\"><strong>Blog da KingHost<\/strong><\/a> para mais conte\u00fados sobre tecnologia, diversidade e inclus\u00e3o.<\/p>\n","protected":false},"excerpt":{"rendered":"<p>20 de novembro \u00e9 o Dia da Consci\u00eancia Negra e gostaria de come\u00e7ar esse texto te questionando: voc\u00ea \u00e9 consciente racialmente? A pergunta \u00e9 provocadora. Mas, meu objetivo \u00e9 refletir, se ao longo dos 365 dias do ano, realmente temos uma consci\u00eancia negra e conseguimos transform\u00e1-la em uma pr\u00e1tica antirracista. Exercer uma consci\u00eancia negra, vai [&hellip;]<\/p>\n","protected":false},"author":378,"featured_media":21685,"comment_status":"closed","ping_status":"closed","sticky":false,"template":"","format":"video","meta":{"footnotes":""},"categories":[1316],"tags":[1371],"class_list":["post-21681","post","type-post","status-publish","format-video","has-post-thumbnail","hentry","category-a-kinghost","tag-diversidade","post_format-post-format-video"],"_links":{"self":[{"href":"https:\/\/king.host\/blog\/wp-json\/wp\/v2\/posts\/21681","targetHints":{"allow":["GET"]}}],"collection":[{"href":"https:\/\/king.host\/blog\/wp-json\/wp\/v2\/posts"}],"about":[{"href":"https:\/\/king.host\/blog\/wp-json\/wp\/v2\/types\/post"}],"author":[{"embeddable":true,"href":"https:\/\/king.host\/blog\/wp-json\/wp\/v2\/users\/378"}],"replies":[{"embeddable":true,"href":"https:\/\/king.host\/blog\/wp-json\/wp\/v2\/comments?post=21681"}],"version-history":[{"count":5,"href":"https:\/\/king.host\/blog\/wp-json\/wp\/v2\/posts\/21681\/revisions"}],"predecessor-version":[{"id":35570,"href":"https:\/\/king.host\/blog\/wp-json\/wp\/v2\/posts\/21681\/revisions\/35570"}],"wp:featuredmedia":[{"embeddable":true,"href":"https:\/\/king.host\/blog\/wp-json\/wp\/v2\/media\/21685"}],"wp:attachment":[{"href":"https:\/\/king.host\/blog\/wp-json\/wp\/v2\/media?parent=21681"}],"wp:term":[{"taxonomy":"category","embeddable":true,"href":"https:\/\/king.host\/blog\/wp-json\/wp\/v2\/categories?post=21681"},{"taxonomy":"post_tag","embeddable":true,"href":"https:\/\/king.host\/blog\/wp-json\/wp\/v2\/tags?post=21681"}],"curies":[{"name":"wp","href":"https:\/\/api.w.org\/{rel}","templated":true}]}}