{"id":5774,"date":"2013-10-04T10:23:44","date_gmt":"2013-10-04T13:23:44","guid":{"rendered":"https:\/\/king.host\/blog\/?p=5774"},"modified":"2024-06-04T09:25:27","modified_gmt":"2024-06-04T12:25:27","slug":"novos-modelos-e-mail-marketing","status":"publish","type":"post","link":"https:\/\/king.host\/blog\/solucoes-marketing\/novos-modelos-e-mail-marketing\/","title":{"rendered":"Novos modelos de e-mail marketing"},"content":{"rendered":"<p>Colaborador: Jualine Kramer<\/p>\n<p>A ferramenta de <strong>e-mail marketing<\/strong> \u00e9 uma op\u00e7\u00e3o pr\u00e1tica e acess\u00edvel para divulgar os seus produtos, e est\u00e1 ficando ainda melhor!<\/p>\n<p>Preparamos novos modelos para e-commerce e tamb\u00e9m para o Dia das Crian\u00e7as. Agora voc\u00ea pode personalizar as cores do modelo escolhido, e deix\u00e1-los com a cara da sua marca.<\/p>\n<p>S\u00e3o modelos pensados para divulga\u00e7\u00f5es de produtos e servi\u00e7os permitindo mostrar imagem, descri\u00e7\u00e3o e valores, propiciando ainda mais a vendas. Encontre-os na cria\u00e7\u00e3o de nova campanha, personalize a logo, as imagens, as cores e os textos antes de enviar.<\/p>\n<p>Em cria\u00e7\u00e3o de nova campanha, escolha o modelo que deseja utilizar<\/p>\n<p><img fetchpriority=\"high\" decoding=\"async\" class=\"alignleft wp-image-5776 size-medium\" src=\"https:\/\/cdn-cms.king.host\/blog-hlg\/uploads\/2013\/10\/email_mkt-300x282.jpg\" alt=\"Templates E-mail Marketing\" width=\"300\" height=\"282\" title=\"\" srcset=\"https:\/\/cdn-cms.king.host\/blog-hlg\/uploads\/2013\/10\/email_mkt-300x281.jpg 300w, https:\/\/cdn-cms.king.host\/blog-hlg\/uploads\/2013\/10\/email_mkt-780x732.jpg 780w, https:\/\/cdn-cms.king.host\/blog-hlg\/uploads\/2013\/10\/email_mkt-400x375.jpg 400w, https:\/\/cdn-cms.king.host\/blog-hlg\/uploads\/2013\/10\/email_mkt.jpg 863w\" sizes=\"(max-width: 300px) 100vw, 300px\" \/><\/p>\n<p>O <strong>envio e-mail marketing<\/strong> e sua personaliza\u00e7\u00e3o \u00e9 muito simples! Selecione o espa\u00e7o que voc\u00ea deseja editar (os espa\u00e7os edit\u00e1veis possuem delimita\u00e7\u00e3o pontilhada) e altere como preferir. Lembre-se, agora voc\u00ea pode personalizar as cores de locais pr\u00e9-definidos, textos e imagens.<\/p>\n<p><img decoding=\"async\" class=\"alignleft wp-image-5777 size-medium\" src=\"https:\/\/cdn-cms.king.host\/blog-hlg\/uploads\/2013\/10\/mkt21-300x221.png\" alt=\"Edi\u00e7\u00e3o de cores\" width=\"300\" height=\"221\" title=\"\" srcset=\"https:\/\/cdn-cms.king.host\/blog-hlg\/uploads\/2013\/10\/mkt21-300x221.png 300w, https:\/\/cdn-cms.king.host\/blog-hlg\/uploads\/2013\/10\/mkt21-780x576.png 780w, https:\/\/cdn-cms.king.host\/blog-hlg\/uploads\/2013\/10\/mkt21-1024x755.png 1024w, https:\/\/cdn-cms.king.host\/blog-hlg\/uploads\/2013\/10\/mkt21-400x295.png 400w, https:\/\/cdn-cms.king.host\/blog-hlg\/uploads\/2013\/10\/mkt21.png 1272w\" sizes=\"(max-width: 300px) 100vw, 300px\" \/><\/p>\n<p>Assim que conclu\u00edda a personaliza\u00e7\u00e3o, basta preencher os campos de envio para<strong> disparar o<\/strong> <strong>e-mail marketing<\/strong> para a sua base.<\/p>\n","protected":false},"excerpt":{"rendered":"<p>Colaborador: Jualine Kramer A ferramenta de e-mail marketing \u00e9 uma op\u00e7\u00e3o pr\u00e1tica e acess\u00edvel para divulgar os seus produtos, e est\u00e1 ficando ainda melhor! Preparamos novos modelos para e-commerce e tamb\u00e9m para o Dia das Crian\u00e7as. Agora voc\u00ea pode personalizar as cores do modelo escolhido, e deix\u00e1-los com a cara da sua marca. S\u00e3o modelos [&hellip;]<\/p>\n","protected":false},"author":8,"featured_media":0,"comment_status":"open","ping_status":"open","sticky":false,"template":"","format":"standard","meta":{"footnotes":""},"categories":[1333],"tags":[1369],"class_list":["post-5774","post","type-post","status-publish","format-standard","hentry","category-solucoes-marketing","tag-email-marketing"],"_links":{"self":[{"href":"https:\/\/king.host\/blog\/wp-json\/wp\/v2\/posts\/5774","targetHints":{"allow":["GET"]}}],"collection":[{"href":"https:\/\/king.host\/blog\/wp-json\/wp\/v2\/posts"}],"about":[{"href":"https:\/\/king.host\/blog\/wp-json\/wp\/v2\/types\/post"}],"author":[{"embeddable":true,"href":"https:\/\/king.host\/blog\/wp-json\/wp\/v2\/users\/8"}],"replies":[{"embeddable":true,"href":"https:\/\/king.host\/blog\/wp-json\/wp\/v2\/comments?post=5774"}],"version-history":[{"count":3,"href":"https:\/\/king.host\/blog\/wp-json\/wp\/v2\/posts\/5774\/revisions"}],"predecessor-version":[{"id":36470,"href":"https:\/\/king.host\/blog\/wp-json\/wp\/v2\/posts\/5774\/revisions\/36470"}],"wp:attachment":[{"href":"https:\/\/king.host\/blog\/wp-json\/wp\/v2\/media?parent=5774"}],"wp:term":[{"taxonomy":"category","embeddable":true,"href":"https:\/\/king.host\/blog\/wp-json\/wp\/v2\/categories?post=5774"},{"taxonomy":"post_tag","embeddable":true,"href":"https:\/\/king.host\/blog\/wp-json\/wp\/v2\/tags?post=5774"}],"curies":[{"name":"wp","href":"https:\/\/api.w.org\/{rel}","templated":true}]}}