{"id":6605,"date":"2014-06-27T16:54:20","date_gmt":"2014-06-27T19:54:20","guid":{"rendered":"https:\/\/king.host\/blog\/?p=6605"},"modified":"2024-06-04T09:03:54","modified_gmt":"2024-06-04T12:03:54","slug":"empreendedores-em-movimento-conexao-kinghost-2014","status":"publish","type":"post","link":"https:\/\/king.host\/blog\/empreendedorismo\/empreendedores-em-movimento-conexao-kinghost-2014\/","title":{"rendered":"Empreendedores em Movimento no Conex\u00e3o KingHost 2014"},"content":{"rendered":"<p>O Conex\u00e3o KingHost \u00e9 um evento de <b>empreendedorismo digital<\/b>, que chega \u00e0 sua 3\u00aa edi\u00e7\u00e3o em 2014 com grandes novidades. Neste ano, o evento ter\u00e1, pela primeira vez, 3 edi\u00e7\u00f5es: em Belo Horizonte (MG) no dia 19 de agosto, a j\u00e1 tradicional edi\u00e7\u00e3o de Porto Alegre (RS), no dia 03 de setembro, e em Recife (PE) no dia 09 de outubro.<\/p>\n<p>Al\u00e9m das novas localidades, a KingHost inova na abordagem do conte\u00fado. Nesta edi\u00e7\u00e3o, sob o tema central \u201c<b>Empreendedores em Movimento<\/b>\u201d, a KingHost apresentar\u00e1 palestras e pain\u00e9is com grandes empreendedores convidados, para proporcionar um di\u00e1logo sobre os desafios que surgem ao longo da jornada. \u201cSabemos que a abertura de um neg\u00f3cio \u00e9 s\u00f3 a primeira etapa para um empreendedor, e queremos incentiv\u00e1-lo a ir al\u00e9m, na acelera\u00e7\u00e3o, e para que suas ideias se transformem em neg\u00f3cios s\u00f3lidos e de longa dura\u00e7\u00e3o\u201d, afirma L\u00edvia Lampert, gerente de marketing da KingHost.<\/p>\n<p>A programa\u00e7\u00e3o foi criada em parceria com os organizadores do projeto Man in the Arena, videocast sobre empreendedorismo e cultura digital apresentado por Leo Kuba, Miguel Cavalcanti e In Hsieh. As 3 edi\u00e7\u00f5es contar\u00e3o com a mesma agenda de conte\u00fados, por\u00e9m em cada cidade ser\u00e3o convidados diferentes empreendedores para levar o seu ponto-de-vista, fazendo de cada evento uma edi\u00e7\u00e3o exclusiva.<\/p>\n<p>O evento abrange aqueles que querem empreender, bem como muitos que j\u00e1 empreendem, e sabem que precisam manter-se em movimento para seguir em frente. As palestras abordar\u00e3o desafios da cultura empreendedora, monetiza\u00e7\u00e3o de neg\u00f3cios, do marketing digital e e-commerce, al\u00e9m de um painel especial com representantes de neg\u00f3cios locais, dos estados de Minas Gerais, Rio Grande do Sul e Pernambuco, debatendo a realidade de desenvolver uma empresa nestes cen\u00e1rios.<\/p>\n<p>Centenas de participantes j\u00e1 estiveram presentes nas edi\u00e7\u00f5es anteriores do evento, e esta promete ser mais uma edi\u00e7\u00e3o que vai contribuir para novas ideias e troca de experi\u00eancias entre empreendedores de todo o Brasil!<\/p>\n<p><b>Confira as datas e os locais:<\/b><br \/>\n19\/08 &#8211; Belo Horizonte &#8211; Hotel Ouro Minas<br \/>\n03\/09 &#8211; Porto Alegre &#8211; Teatro do CIEE<br \/>\n09\/10 &#8211; Recife &#8211; JCPM Trade<\/p>\n<p><a style=\"line-height: 1.5em;\" href=\"https:\/\/www.facebook.com\/media\/set\/?set=a.10153210154460232.1073741836.476778635231&amp;type=3\" target=\"_blank\" rel=\"noopener\">Confira fotos da \u00faltima edi\u00e7\u00e3o do Conex\u00e3o KingHost<\/a><\/p>\n","protected":false},"excerpt":{"rendered":"<p>O Conex\u00e3o KingHost chega \u00e0 sua 3\u00aa edi\u00e7\u00e3o em 2014 com grandes novidades. Neste ano, o evento ter\u00e1, pela primeira vez, 3 edi\u00e7\u00f5es. Sob o tema central \u201cEmpreendedores em Movimento\u201d, a KingHost apresentar\u00e1 palestras e pain\u00e9is com grandes empreendedores convidados!<\/p>\n","protected":false},"author":140,"featured_media":7029,"comment_status":"open","ping_status":"open","sticky":false,"template":"","format":"standard","meta":{"footnotes":""},"categories":[1192],"tags":[],"class_list":["post-6605","post","type-post","status-publish","format-standard","has-post-thumbnail","hentry","category-empreendedorismo"],"_links":{"self":[{"href":"https:\/\/king.host\/blog\/wp-json\/wp\/v2\/posts\/6605","targetHints":{"allow":["GET"]}}],"collection":[{"href":"https:\/\/king.host\/blog\/wp-json\/wp\/v2\/posts"}],"about":[{"href":"https:\/\/king.host\/blog\/wp-json\/wp\/v2\/types\/post"}],"author":[{"embeddable":true,"href":"https:\/\/king.host\/blog\/wp-json\/wp\/v2\/users\/140"}],"replies":[{"embeddable":true,"href":"https:\/\/king.host\/blog\/wp-json\/wp\/v2\/comments?post=6605"}],"version-history":[{"count":3,"href":"https:\/\/king.host\/blog\/wp-json\/wp\/v2\/posts\/6605\/revisions"}],"predecessor-version":[{"id":35283,"href":"https:\/\/king.host\/blog\/wp-json\/wp\/v2\/posts\/6605\/revisions\/35283"}],"wp:featuredmedia":[{"embeddable":true,"href":"https:\/\/king.host\/blog\/wp-json\/wp\/v2\/media\/7029"}],"wp:attachment":[{"href":"https:\/\/king.host\/blog\/wp-json\/wp\/v2\/media?parent=6605"}],"wp:term":[{"taxonomy":"category","embeddable":true,"href":"https:\/\/king.host\/blog\/wp-json\/wp\/v2\/categories?post=6605"},{"taxonomy":"post_tag","embeddable":true,"href":"https:\/\/king.host\/blog\/wp-json\/wp\/v2\/tags?post=6605"}],"curies":[{"name":"wp","href":"https:\/\/api.w.org\/{rel}","templated":true}]}}