{"id":6909,"date":"2014-09-10T11:07:29","date_gmt":"2014-09-10T14:07:29","guid":{"rendered":"https:\/\/king.host\/blog\/?p=6909"},"modified":"2024-06-04T09:00:56","modified_gmt":"2024-06-04T12:00:56","slug":"empreendedorismo-digital-porto-algre","status":"publish","type":"post","link":"https:\/\/king.host\/blog\/empreendedorismo\/empreendedorismo-digital-porto-algre\/","title":{"rendered":"Conex\u00e3o Kinghost &#8211; o empreendedorismo digital em Porto Algre"},"content":{"rendered":"<p>O teatro CIEE ficou lotado no dia 03\/09, onde o <a href=\"http:\/\/www.conexaokinghost.com.br\/2014\/\" target=\"_blank\" rel=\"noopener\">Conex\u00e3o Kinghost<\/a> reuniu empreendedores, interessados em inova\u00e7\u00e3o, para compartilhar experi\u00eancias, inspirar e serem inspirados. Com o tema &#8220;empreendedores em movimento&#8221;, o evento trouxe palestrantes dispostos a compartilhar ideias sobre cultura empreendedora, monetiza\u00e7\u00e3o, e-commerce e marketing digital. O time de palestrantes foi formado por profissionais reconhecidos na \u00e1rea de neg\u00f3cios digitais e o evento organizado em pain\u00e9is tem\u00e1ticos, como Escale, Inspire, Encontre, Monetize e compartilhe. O conte\u00fado foi pensado para dar suporte ao amadurecimento e crescimento de neg\u00f3cios j\u00e1 existentes.<\/p>\n<p>Iniciamos o dia com Tallis da Easy Taxi, cuja apresenta\u00e7\u00e3o foi focada na cultura empresarial, em especial no modelo de sucesso utilizado pela Easy Taxi. Em sua apresenta\u00e7\u00e3o, foi incentivado o empoderamento do colaborador para inovar e tentar solu\u00e7\u00f5es diferentes. De acordo com Tallis, \u201co gestor que pune o erro acaba criando uma cultura de medo na empresa\u201d, de modo que o medo engessa e atrapalha o crescimento do neg\u00f3cio. Outro ponto abordado foi o da difus\u00e3o da cultura pelo exemplo. Ele citou que, apesar de ser o criador da empresa, n\u00e3o utiliza privil\u00e9gios no dia a dia.<\/p>\n<p>O painel compartilhe foi pensado como o momento para a troca de experi\u00eancias regionais. Samir Iasbeck da Qranio abriu esta se\u00e7\u00e3o nos contando sobre sua trajet\u00f3ria empreendedora que iniciou no interior de Minas Gerais. Segundo ele, seu maior meio de aprendizado foi a a\u00e7\u00e3o. Quando crian\u00e7a, Samir tinha dificuldade para adaptar-se ao ensino formal e notou tamb\u00e9m a mesma indisposi\u00e7\u00e3o da filha para os m\u00e9todos tradicionais de aprendizado. Com este pano de fundo surgiu a ideia de lan\u00e7ar o Qranio, um aplicativo que tem como fun\u00e7\u00e3o primordial o entretenimento, e que no entanto ensina ao mesmo tempo que diverte.<\/p>\n<p>Santiago Andreuzza \u00e9 ga\u00facho e foi o pr\u00f3ximo a apresentar-se, participando tamb\u00e9m da se\u00e7\u00e3o de cen\u00e1rios regionais. S\u00f3cio da Aerolito, uma consultoria em desenvolvimento de apps, ele administra a Bode, que cuida do desenvolvimento de apps e tamb\u00e9m faz parte do Muambacast, podcast sobre compras pela internet. Santiago conversou sobre o in\u00edcio da sua carreira, ilustrando atrav\u00e9s de sua pr\u00f3pria experi\u00eancia a dificuldade encontrada por desenvolvedores de softwares para entender e expressar a import\u00e2ncia da estrat\u00e9gia de monetiza\u00e7\u00e3o e de vis\u00e3o de neg\u00f3cios em algumas startups. Para ele, um dos erros mais comuns do empreendedor \u00e9 a utiliza\u00e7\u00e3o da linguagem t\u00e9cnica, enquanto o empreendedor discute e apresenta seu neg\u00f3cio.<\/p>\n<p>Na se\u00e7\u00e3o chamada Escale, Ana J\u00falia do bomnegocio.com enfatizou o ponto principal da sua estrat\u00e9gia de neg\u00f3cio: o foco no usu\u00e1rio. De acordo com ela, o bomnegocio.com busca posicionar-se como amigo do usu\u00e1rio. Assim, ela busca fomentar nos funcion\u00e1rios a ideia de responder as d\u00favidas dos usu\u00e1rios do bomnegocio.com com o engajamento de um amigo. Para ela, o maior diferencial do bomnegocio.com em rela\u00e7\u00e3o aos seus concorrentes \u00e9 a preocupa\u00e7\u00e3o em atender da melhor maneira poss\u00edvel o usu\u00e1rio do aplicativo.<\/p>\n<p>Flavio Pripas compartilhou sobre seus dois empreendimentos: Bitinvest e Fashion.me. Ele anunciou no evento a venda da Fashion.me, um site sobre moda criado para sua esposa e que tornou-se um neg\u00f3cio s\u00e9rio e rent\u00e1vel, gra\u00e7as a monetiza\u00e7\u00e3o atrav\u00e9s de parcerias com lojas terceiras. Sua aposta atual \u00e9 no Bitinvest, um mediador brasileiro para quem quer comprar, vender e utilizar Bitcoin. O Bitcoin \u00e9 um protocolo de troca, que pode revolucionar pagamentos pela web e pode tirar de cena intermedi\u00e1rios como o paypal e o pague seguro, possibilitando o pagamento direto de maneira segura. Por enquanto, esta \u00e9 apenas uma promessa, pois poucos estabelecimentos aceitam o Bitcoin.<\/p>\n<p>Luis Felipe da Viber trouxe um assunto de interesse geral: a privacidade na internet. Felipe citou o desejo atual das pessoas de n\u00e3o serem monitoradas o tempo todo. De acordo com ele, por meio do aplicativo Viber \u00e9 poss\u00edvel separar contatos por grupos, e isso propiciaria adequa\u00e7\u00e3o de comportamento e maior liberdade para o usu\u00e1rio. Masuki da Ceement foi o \u00faltimo a apresentar-se e apresentou a revitaliza\u00e7\u00e3o urbana atrav\u00e9s do Porto Digital em Recife. Al\u00e9m dos palestrantes, tivemos a cl\u00e1ssica presen\u00e7a do <a href=\"https:\/\/www.youtube.com\/user\/maninthearenatv\" target=\"_blank\" rel=\"noopener\">MiTA<\/a>.\u00a0Leo Kuba, Miguel Cavalcanti e In Hsieh gravaram um epis\u00f3dio\u00a0ao vivo do seu videocast com com Ana J\u00falia do bomnegocio.com.<\/p>\n<p>Uma das principais motiva\u00e7\u00f5es da Kinghost para organizar o Conex\u00e3o \u00e9 ajudar a fortalecer a cultura empreendedora no pa\u00eds. Este ano tivemos a possibilidade de conectar tr\u00eas importantes p\u00f3los de empreendedorismo da regi\u00e3o sul, centro e norte. O <a href=\"https:\/\/king.host\/blog\/2014\/08\/bh-em-ritmo-de-empreendedorismo\/\" target=\"_blank\" rel=\"noopener\">evento em BH foi bastante produtivo<\/a> e em breve estaremos levando o empreendedorismo em movimento tamb\u00e9m ao Recife. <a href=\"http:\/\/www.eventick.com.br\/ConexaoKinghostREC\" target=\"_blank\" rel=\"noopener\">Inscreva-se e participe<\/a>!<\/p>\n","protected":false},"excerpt":{"rendered":"<p>O teatro CIEE ficou lotado no dia 03\/09, onde o Conex\u00e3o Kinghost reuniu empreendedores, interessados em inova\u00e7\u00e3o, para compartilhar experi\u00eancias, inspirar e serem inspirados. Com o tema &#8220;empreendedores em movimento&#8221;, o evento trouxe palestrantes dispostos a compartilhar ideias sobre cultura empreendedora, monetiza\u00e7\u00e3o, e-commerce e marketing digital. O time de palestrantes foi formado por profissionais reconhecidos [&hellip;]<\/p>\n","protected":false},"author":253,"featured_media":7022,"comment_status":"open","ping_status":"open","sticky":false,"template":"","format":"standard","meta":{"footnotes":""},"categories":[1192,1176],"tags":[],"class_list":["post-6909","post","type-post","status-publish","format-standard","has-post-thumbnail","hentry","category-empreendedorismo","category-marketing-digital"],"_links":{"self":[{"href":"https:\/\/king.host\/blog\/wp-json\/wp\/v2\/posts\/6909","targetHints":{"allow":["GET"]}}],"collection":[{"href":"https:\/\/king.host\/blog\/wp-json\/wp\/v2\/posts"}],"about":[{"href":"https:\/\/king.host\/blog\/wp-json\/wp\/v2\/types\/post"}],"author":[{"embeddable":true,"href":"https:\/\/king.host\/blog\/wp-json\/wp\/v2\/users\/253"}],"replies":[{"embeddable":true,"href":"https:\/\/king.host\/blog\/wp-json\/wp\/v2\/comments?post=6909"}],"version-history":[{"count":3,"href":"https:\/\/king.host\/blog\/wp-json\/wp\/v2\/posts\/6909\/revisions"}],"predecessor-version":[{"id":35696,"href":"https:\/\/king.host\/blog\/wp-json\/wp\/v2\/posts\/6909\/revisions\/35696"}],"wp:featuredmedia":[{"embeddable":true,"href":"https:\/\/king.host\/blog\/wp-json\/wp\/v2\/media\/7022"}],"wp:attachment":[{"href":"https:\/\/king.host\/blog\/wp-json\/wp\/v2\/media?parent=6909"}],"wp:term":[{"taxonomy":"category","embeddable":true,"href":"https:\/\/king.host\/blog\/wp-json\/wp\/v2\/categories?post=6909"},{"taxonomy":"post_tag","embeddable":true,"href":"https:\/\/king.host\/blog\/wp-json\/wp\/v2\/tags?post=6909"}],"curies":[{"name":"wp","href":"https:\/\/api.w.org\/{rel}","templated":true}]}}