{"id":25936,"date":"2025-02-28T15:39:15","date_gmt":"2025-02-28T18:39:15","guid":{"rendered":"https:\/\/king.host\/wiki\/?post_type=article&#038;p=25936"},"modified":"2025-03-20T15:46:06","modified_gmt":"2025-03-20T18:46:06","slug":"gerenciador-de-redes-sociais-erros-mais-comuns-no-instagram","status":"publish","type":"article","link":"https:\/\/king.host\/wiki\/artigo\/gerenciador-de-redes-sociais-erros-mais-comuns-no-instagram\/","title":{"rendered":"Gerenciador de Redes Sociais: Erros mais comuns no Instagram"},"content":{"rendered":"\n<p>Ao utilizar a plataforma para gerenciar suas postagens no Instagram, \u00e9 essencial garantir uma conex\u00e3o fluida e sem problemas entre as contas. No entanto, muitos usu\u00e1rios podem se deparar com obst\u00e1culos ao tentar estabelecer essa liga\u00e7\u00e3o, enfrentando desde dificuldades com a visibilidade da conta at\u00e9 erros na an\u00e1lise de conex\u00e3o entre o Instagram e a p\u00e1gina do Facebook.&nbsp;<\/p>\n\n\n\n<p>Nesta an\u00e1lise, examinaremos os principais desafios encontrados ao conectar o Instagram e oferecemos solu\u00e7\u00f5es pr\u00e1ticas para superar essas barreiras, assegurando assim um gerenciamento eficiente e sem complica\u00e7\u00f5es das suas redes sociais.&nbsp;<\/p>\n\n\n\n<h2 class=\"wp-block-heading\"><span class=\"ez-toc-section\" id=\"A_conta_do_Instagram_nao_esta_aparecendo_para_conectar\"><\/span><strong>A conta do Instagram n\u00e3o est\u00e1 aparecendo para conectar?<\/strong><span class=\"ez-toc-section-end\"><\/span><\/h2>\n\n\n\n<p>Essa situa\u00e7\u00e3o pode ocorrer por conta da aus\u00eancia de permiss\u00f5es no aplicativo do Gerenciador de Redes Sociais ou por falta de conex\u00e3o com a p\u00e1gina do Facebook. Para mais detalhes, por favor,<a href=\"https:\/\/etusbrasil.freshdesk.com\/support\/solutions\/articles\/35000203666-minhas-contas-do-instagram-business-n%C3%A3o-est%C3%A3o-aparecendo-para-conex%C3%A3o-e-agora-\"> <\/a><a href=\"https:\/\/king.host\/wiki\/artigo\/gerenciador-de-redes-sociais-minhas-contas-do-instagram-business-nao-estao-aparecendo-para-conexao-e-agora\/\" title=\"\">clique aqui.<\/a><\/p>\n\n\n\n<h2 class=\"wp-block-heading\"><span class=\"ez-toc-section\" id=\"Erro_ao_realizar_a_analise_de_conexao_entre_Instagram_e_a_pagina_do_Facebook\"><\/span><strong>Erro ao realizar a an\u00e1lise de conex\u00e3o entre Instagram e a p\u00e1gina do Facebook.<\/strong><span class=\"ez-toc-section-end\"><\/span><\/h2>\n\n\n\n<p>Se estiver atuando como administrador da p\u00e1gina do Facebook e, mesmo assim, deparar-se com problemas de permiss\u00e3o ao tentar realizar a an\u00e1lise de confirma\u00e7\u00e3o entre as contas Facebook\/Instagram, \u00e9 crucial assegurar que voc\u00ea tenha tamb\u00e9m acesso de administrador no Gerenciador de Neg\u00f3cios, a entidade que det\u00e9m a propriedade da p\u00e1gina. Para mais detalhes sobre esse procedimento, por favor, <a href=\"https:\/\/king.host\/wiki\/artigo\/como-vincular-o-instagram-a-uma-pagina-do-facebook\/\" title=\"\">clique aqui.<\/a>&nbsp;&nbsp;<\/p>\n\n\n\n<h2 class=\"wp-block-heading\"><span class=\"ez-toc-section\" id=\"Falta_de_permissao\"><\/span><strong>Falta de permiss\u00e3o<\/strong><span class=\"ez-toc-section-end\"><\/span><\/h2>\n\n\n\n<p>Certifique-se de que voc\u00ea ocupa a fun\u00e7\u00e3o de administrador na p\u00e1gina do Facebook, j\u00e1 que qualquer outra fun\u00e7\u00e3o pode resultar em dificuldades para estabelecer conex\u00f5es com o Gerenciador de Redes Sociais ou para efetuar suas postagens com sucesso.&nbsp;<\/p>\n\n\n\n<h2 class=\"wp-block-heading\"><span class=\"ez-toc-section\" id=\"Fatores_que_podem_levar_a_perda_de_conexao_entre_perfis\"><\/span><strong>Fatores que podem levar \u00e0 perda de conex\u00e3o entre perfis.&nbsp;<\/strong><span class=\"ez-toc-section-end\"><\/span><\/h2>\n\n\n\n<ul>\n<li>Altera\u00e7\u00e3o de senha.<\/li>\n\n\n\n<li>Atividades excessivas de spam<\/li>\n\n\n\n<li>Instabilidade na plataforma de rede social.<\/li>\n\n\n\n<li>N\u00edvel de seguran\u00e7a da senha.<\/li>\n\n\n\n<li>Dura\u00e7\u00e3o do token de acesso.<\/li>\n\n\n\n<li>Problemas com a formata\u00e7\u00e3o de arquivos ao postar, que podem prejudicar a conex\u00e3o. Sempre \u00e9 importante seguir os padr\u00f5es ao postar.<\/li>\n<\/ul>\n\n\n\n<h2 class=\"wp-block-heading\"><span class=\"ez-toc-section\" id=\"Erro_sua_conta_esta_sem_permissao_de_postagem_de_stories\"><\/span><strong>Erro! sua conta est\u00e1 sem permiss\u00e3o de postagem de stories!<\/strong><span class=\"ez-toc-section-end\"><\/span><\/h2>\n\n\n\n<p>Caso sua conta n\u00e3o esteja postando stories e apresente esse aviso nas configura\u00e7\u00f5es do perfil significa que sua&nbsp;<\/p>\n\n\n\n<p>conta do Instagram n\u00e3o est\u00e1 como conta empresarial e pos regra da API do Meta somente contas empresariais tem permiss\u00e3o para agendar stories. Fa\u00e7a esse passo a passo que ir\u00e1 resolver.<\/p>\n\n\n\n<p>Acesse o App do Instagram \u2013 Configura\u00e7\u00f5es e privacidade &gt; Ferramentas e controles para criadores de conte\u00fado &gt; Mudar tipo de conta &gt; Mudar para Empresarial. ?<br><br>Ao alterar o tipo de conta do Instagram para empresarial, voc\u00ea consegue incluir a categoria empreendedor, assim n\u00e3o desabilita a fun\u00e7\u00e3o das m\u00fasicas. Acesse o Instagram&gt;editar perfil&gt;categoria.<\/p>\n\n\n\n<h2 class=\"wp-block-heading\"><span class=\"ez-toc-section\" id=\"Possiveis_erros_associados_a_falhas_na_publicacao\"><\/span><strong>Poss\u00edveis erros associados a falhas na publica\u00e7\u00e3o.&nbsp;<\/strong><span class=\"ez-toc-section-end\"><\/span><\/h2>\n\n\n\n<p>Se o seu post n\u00e3o foi publicado na rede social, n\u00e3o se preocupe. Basta clicar no \u00edcone do sininho no canto superior direito do seu painel do Gerenciador de Redes Sociais.<\/p>\n\n\n\n<p>Esse \u00edcone vai mostrar alertas relacionados \u00e0 sua conta. Mantenha sempre um olhar atento!<\/p>\n\n\n\n<figure class=\"wp-block-image\"><img data-original=\"https:\/\/lh7-rt.googleusercontent.com\/docsz\/AD_4nXcbze3S3ahf72Ld516fdS6M26fSBXCgkubI4chWFewkNuIO9glXs2pGMUX181I3B2skx2OyxqM50BemOvlr_DNpdkxyLiCVWburG0vcpHqtRdoM26a053rl22XrQJz-t-ACOP-1?key=6pJ59CG8pyIMImr6eu-BoPl2\" alt=\"\"\/><\/figure>\n\n\n\n<p>Quando voc\u00ea clica no \u00edcone do sininho, uma janela se abrir\u00e1, revelando o motivo pelo qual a sua publica\u00e7\u00e3o n\u00e3o est\u00e1 vis\u00edvel na rede social.<\/p>\n\n\n\n<p>Confira alguns exemplos abaixo:<\/p>\n\n\n\n<ul>\n<li><strong>Sua conex\u00e3o est\u00e1 com problemas, por favor refa\u00e7a o login do seu perfil no&nbsp; Gerenciador de Redes Sociais e tente novamente!&nbsp;<\/strong><\/li>\n<\/ul>\n\n\n\n<p>Acesse o perfil informado e fa\u00e7a o processo de atualiza\u00e7\u00e3o da rede social. &gt;&gt;&gt;&gt;&gt; <a href=\"https:\/\/king.host\/wiki\/artigo\/como-realizar-a-atualizacao-completa-da-conexao-do-instagram-com-o-gerenciador-de-redes-sociais\/\" title=\"\">Clique aqui para saber como.<\/a>&nbsp;<\/p>\n\n\n\n<ul>\n<li><strong>Internal server Error ou upload pf INSTAIMG_&nbsp; failedAll retries have failed&nbsp;<\/strong><\/li>\n<\/ul>\n\n\n\n<p>Verifique o tamanho e a propor\u00e7\u00e3o do arquivo que est\u00e1 tentando agendar. &gt;&gt;&gt;&gt;&gt; <a href=\"https:\/\/king.host\/wiki\/artigo\/gerenciador-de-redes-sociais-tamanho-e-qualidade-de-imagens-e-videos\/\" title=\"\">Confira aqui os tamanhos recomendados.<\/a><\/p>\n\n\n\n<p>Tamb\u00e9m \u00e9 importante verificar se a localiza\u00e7\u00e3o inserida no perfil e no agendamento \u00e9 v\u00e1lida para o Instagram.&nbsp;<\/p>\n\n\n\n<ul>\n<li><strong>Logue em sua conta do Instagram e atualize seus dados no Gerenciador de Redes Sociais<\/strong><\/li>\n<\/ul>\n\n\n\n<p>\u00c9 necess\u00e1rio realizar a atualiza\u00e7\u00e3o completa da conex\u00e3o entre o Gerenciador de Redes Sociais e o seu perfil. >>>>> <a href=\"https:\/\/king.host\/wiki\/artigo\/gerenciador-de-redes-sociais-minhas-paginas-do-facebook-nao-estao-aparecendo-para-conexao-atualizacao-completa\/\" title=\"\">Clique aqui para saber como.<\/a>\u00a0<\/p>\n\n\n\n<p>Ap\u00f3s verificar e executar os procedimentos, agende novamente para confirmar se as postagens est\u00e3o sendo publicadas corretamente. Se o problema continuar, n\u00e3o hesite em entrar em contato com o suporte.&nbsp;<\/p>\n","protected":false},"author":722,"featured_media":0,"menu_order":0,"comment_status":"closed","ping_status":"closed","template":"","format":"standard","article-category":[286,285],"article-tag":[],"aioseo_notices":[],"_links":{"self":[{"href":"https:\/\/king.host\/wiki\/wp-json\/wp\/v2\/article\/25936"}],"collection":[{"href":"https:\/\/king.host\/wiki\/wp-json\/wp\/v2\/article"}],"about":[{"href":"https:\/\/king.host\/wiki\/wp-json\/wp\/v2\/types\/article"}],"author":[{"embeddable":true,"href":"https:\/\/king.host\/wiki\/wp-json\/wp\/v2\/users\/722"}],"replies":[{"embeddable":true,"href":"https:\/\/king.host\/wiki\/wp-json\/wp\/v2\/comments?post=25936"}],"version-history":[{"count":5,"href":"https:\/\/king.host\/wiki\/wp-json\/wp\/v2\/article\/25936\/revisions"}],"predecessor-version":[{"id":26349,"href":"https:\/\/king.host\/wiki\/wp-json\/wp\/v2\/article\/25936\/revisions\/26349"}],"wp:attachment":[{"href":"https:\/\/king.host\/wiki\/wp-json\/wp\/v2\/media?parent=25936"}],"wp:term":[{"taxonomy":"article-category","embeddable":true,"href":"https:\/\/king.host\/wiki\/wp-json\/wp\/v2\/article-category?post=25936"},{"taxonomy":"article-tag","embeddable":true,"href":"https:\/\/king.host\/wiki\/wp-json\/wp\/v2\/article-tag?post=25936"}],"curies":[{"name":"wp","href":"https:\/\/api.w.org\/{rel}","templated":true}]}}